{"id":331,"date":"2025-06-06T15:00:04","date_gmt":"2025-06-06T15:00:04","guid":{"rendered":"https:\/\/futurecord.estudiosgrabacion.com\/?p=331"},"modified":"2025-06-23T20:19:21","modified_gmt":"2025-06-23T20:19:21","slug":"estreno-del-videoclip-oficial-de-el-hombre-del-saco-con-felix-lasa-de-leize","status":"publish","type":"post","link":"https:\/\/futurecord.estudiosgrabacion.com\/index.php\/2025\/06\/06\/estreno-del-videoclip-oficial-de-el-hombre-del-saco-con-felix-lasa-de-leize\/","title":{"rendered":"\u00a1Estreno del videoclip oficial de \u00abEl Hombre Del Saco\u00bb con F\u00e9lix Lasa de Leize!"},"content":{"rendered":"\n<figure class=\"wp-block-embed is-type-video is-provider-youtube wp-block-embed-youtube wp-embed-aspect-16-9 wp-has-aspect-ratio\"><div class=\"wp-block-embed__wrapper\">\n<iframe loading=\"lazy\" title=\"EL HOMBRE DEL SACO (feat FELIX LASA-LEIZE). Videoclip oficial\" width=\"840\" height=\"473\" src=\"https:\/\/www.youtube.com\/embed\/5zeVcEbAohg?feature=oembed\" frameborder=\"0\" allow=\"accelerometer; autoplay; clipboard-write; encrypted-media; gyroscope; picture-in-picture; web-share\" referrerpolicy=\"strict-origin-when-cross-origin\" allowfullscreen><\/iframe>\n<\/div><\/figure>\n\n\n\n<p>\u00a1Atenci\u00f3n, amantes del rock! Ha llegado el momento que muchos esperaban. La banda <strong>El Hombre Del Saco<\/strong> acaba de lanzar el videoclip oficial de su potente tema hom\u00f3nimo, \u00abEl Hombre Del Saco\u00bb.<\/p>\n\n\n\n<p>Este lanzamiento es una verdadera joya para los seguidores del g\u00e9nero, ya que cuenta con la incre\u00edble colaboraci\u00f3n de <strong>F\u00e9lix Lasa<\/strong>, la inconfundible voz de la legendaria banda Leize. La uni\u00f3n de estas dos fuerzas crea una atm\u00f3sfera \u00fanica que no te dejar\u00e1 indiferente.<\/p>\n\n\n\n<p>El single ha sido producido con maestr\u00eda por <strong>Luis Orte<\/strong> en los reconocidos estudios <strong>Futurecord<\/strong>, garantizando una calidad sonora que realza la intensidad de la canci\u00f3n. La cuidada producci\u00f3n se combina a la perfecci\u00f3n con la energ\u00eda de la banda y la poderosa interpretaci\u00f3n de F\u00e9lix Lasa.<\/p>\n\n\n\n<p>Este lanzamiento es posible gracias a <strong>Peccata Minuta Records<\/strong>, el sello discogr\u00e1fico que apuesta por la calidad y la autenticidad en la escena musical.<\/p>\n\n\n\n<p>Adem\u00e1s, la direcci\u00f3n ha corrido a cargo de los directores navarros <strong>Luis Galindo<\/strong> y <strong>\u00c1ngel M. Chivite<\/strong>, aportando cada uno su visi\u00f3n \u00fanica para dar vida a esta pieza audiovisual.<\/p>\n\n\n\n<p>No te pierdas este impactante videoclip que promete convertirse en un himno. \u00a1S\u00fabete al tren de \u00abEl Hombre Del Saco\u00bb y d\u00e9jate llevar por su fuerza!<\/p>\n\n\n\n<p><\/p>\n","protected":false},"excerpt":{"rendered":"<p>\u00a1Atenci\u00f3n, amantes del rock! Ha llegado el momento que muchos esperaban. La banda El Hombre Del Saco acaba de lanzar el videoclip oficial de su potente tema hom\u00f3nimo, \u00abEl Hombre Del Saco\u00bb. <span class=\"read-more\"><a class=\"more-link btn btn-transparent\" href=\"https:\/\/futurecord.estudiosgrabacion.com\/index.php\/2025\/06\/06\/estreno-del-videoclip-oficial-de-el-hombre-del-saco-con-felix-lasa-de-leize\/\">Read More &#8230;<\/a><\/span><\/p>\n","protected":false},"author":1,"featured_media":303,"comment_status":"closed","ping_status":"closed","sticky":false,"template":"","format":"standard","meta":{"footnotes":""},"categories":[3,41,35,45],"tags":[46,48,7,47,25,49,33],"class_list":["post-331","post","type-post","status-publish","format-standard","has-post-thumbnail","hentry","category-estudio-grabacion","category-futurecord","category-musica","category-rock","tag-el-hombre-del-saco","tag-felix-lasa","tag-futurecord","tag-leize","tag-musica","tag-peccata-minuta-records","tag-producccion"],"_links":{"self":[{"href":"https:\/\/futurecord.estudiosgrabacion.com\/index.php\/wp-json\/wp\/v2\/posts\/331","targetHints":{"allow":["GET"]}}],"collection":[{"href":"https:\/\/futurecord.estudiosgrabacion.com\/index.php\/wp-json\/wp\/v2\/posts"}],"about":[{"href":"https:\/\/futurecord.estudiosgrabacion.com\/index.php\/wp-json\/wp\/v2\/types\/post"}],"author":[{"embeddable":true,"href":"https:\/\/futurecord.estudiosgrabacion.com\/index.php\/wp-json\/wp\/v2\/users\/1"}],"replies":[{"embeddable":true,"href":"https:\/\/futurecord.estudiosgrabacion.com\/index.php\/wp-json\/wp\/v2\/comments?post=331"}],"version-history":[{"count":5,"href":"https:\/\/futurecord.estudiosgrabacion.com\/index.php\/wp-json\/wp\/v2\/posts\/331\/revisions"}],"predecessor-version":[{"id":342,"href":"https:\/\/futurecord.estudiosgrabacion.com\/index.php\/wp-json\/wp\/v2\/posts\/331\/revisions\/342"}],"wp:featuredmedia":[{"embeddable":true,"href":"https:\/\/futurecord.estudiosgrabacion.com\/index.php\/wp-json\/wp\/v2\/media\/303"}],"wp:attachment":[{"href":"https:\/\/futurecord.estudiosgrabacion.com\/index.php\/wp-json\/wp\/v2\/media?parent=331"}],"wp:term":[{"taxonomy":"category","embeddable":true,"href":"https:\/\/futurecord.estudiosgrabacion.com\/index.php\/wp-json\/wp\/v2\/categories?post=331"},{"taxonomy":"post_tag","embeddable":true,"href":"https:\/\/futurecord.estudiosgrabacion.com\/index.php\/wp-json\/wp\/v2\/tags?post=331"}],"curies":[{"name":"wp","href":"https:\/\/api.w.org\/{rel}","templated":true}]}}